{"id":1182,"date":"2019-03-31T19:05:35","date_gmt":"2019-03-31T18:05:35","guid":{"rendered":"http:\/\/www.club-nouvelle-mini.com\/?p=1182"},"modified":"2025-06-20T17:27:39","modified_gmt":"2025-06-20T16:27:39","slug":"balade-anti-dpm-dans-les-vosges-30-et-31-mars-2019","status":"publish","type":"post","link":"https:\/\/www.club-nouvelle-mini.com\/?p=1182","title":{"rendered":"Balade anti DPM dans les Vosges &#8211; 30 et 31 mars 2019"},"content":{"rendered":"<p>Apr\u00e8s une p\u00e9riode d\u2019hibernation trop longue \u00e0 notre go\u00fbt, Christelle et Christian remettent la\u00a0p\u00e9riode \u00ab Meeting \u00bb en marche en ce superbe week-end de fin mars sur les routes vosgiennes.\u00a0L\u2019occasion de d\u00e9couvrir une charmante ferme auberge \u00ab A la Colline \u00bb \u00e0 Ferdrupt<\/p>\n<p><a href=\"http:\/\/www.club-nouvelle-mini.com\/wp-content\/uploads\/2019\/12\/Image1.png\"><img loading=\"lazy\" class=\"alignnone size-medium wp-image-1183\" src=\"http:\/\/www.club-nouvelle-mini.com\/wp-content\/uploads\/2019\/12\/Image1-300x201.png\" alt=\"\" width=\"300\" height=\"201\" srcset=\"https:\/\/www.club-nouvelle-mini.com\/wp-content\/uploads\/2019\/12\/Image1-300x201.png 300w, https:\/\/www.club-nouvelle-mini.com\/wp-content\/uploads\/2019\/12\/Image1.png 313w\" sizes=\"(max-width: 300px) 100vw, 300px\" \/><\/a><\/p>\n<p>Puis Rendez-vous chez les GO pour un d\u00e9jeuner\u00a0d\u2019accueil, nos Minis sont impatientes de se\u00a0retrouver\u2026.\u00a0Vite, vite\u2026 on doit rejoindre l\u2019\u00e9quipe Belgio-Parigo-Alsaco pour une comp\u00e9tition de karting\u00a0\u00e0 G\u00e9rardmer.<\/p>\n<p>Le pr\u00e9sident, tout sourire, et ses adversaires\u00a0s\u2019enfoncent dans les vestiaires pour rev\u00eatir les\u00a0combinaisons et casques de circonstance.<\/p>\n<p>David, Thierry et Seb se sont vite d\u00e9marqu\u00e9s et sont sortis vainqueurs de la comp\u00e9tition tandis\u00a0qu\u2019Emy nous faisait une tr\u00e8s belle course !<\/p>\n<p>En fin d\u2019apr\u00e8s-midi, on se prend pour \u00ab les bronz\u00e9s font du ski \u00bb\u2026. Greg, Jacques et Gigi \u00e0 la\u00a0Bresse&#8230;<\/p>\n<p><a href=\"http:\/\/www.club-nouvelle-mini.com\/wp-content\/uploads\/2019\/12\/Image2.png\"><img loading=\"lazy\" class=\"alignnone size-medium wp-image-1185\" src=\"http:\/\/www.club-nouvelle-mini.com\/wp-content\/uploads\/2019\/12\/Image2-300x201.png\" alt=\"\" width=\"300\" height=\"201\" srcset=\"https:\/\/www.club-nouvelle-mini.com\/wp-content\/uploads\/2019\/12\/Image2-300x201.png 300w, https:\/\/www.club-nouvelle-mini.com\/wp-content\/uploads\/2019\/12\/Image2.png 322w\" sizes=\"(max-width: 300px) 100vw, 300px\" \/><\/a>\u00a0 \u00a0<a href=\"http:\/\/www.club-nouvelle-mini.com\/wp-content\/uploads\/2019\/12\/Image3.png\"><img loading=\"lazy\" class=\"alignnone size-medium wp-image-1186\" src=\"http:\/\/www.club-nouvelle-mini.com\/wp-content\/uploads\/2019\/12\/Image3-300x208.png\" alt=\"\" width=\"300\" height=\"208\" srcset=\"https:\/\/www.club-nouvelle-mini.com\/wp-content\/uploads\/2019\/12\/Image3-300x208.png 300w, https:\/\/www.club-nouvelle-mini.com\/wp-content\/uploads\/2019\/12\/Image3.png 322w\" sizes=\"(max-width: 300px) 100vw, 300px\" \/><\/a><\/p>\n<p>Dimanche matin, retrouvailles pour une balade \u00e0 travers la magnifique for\u00eat vosgienne et repas\u00a0de fin \u00e0 \u00ab La Planche des Belles filles \u00bb, nom dignes de nos Mini !!!<\/p>\n<p>Un grand Merci \u00e0 Christelle et\u00a0Christian pour nous avoir sortis de\u00a0notre hibernation !<\/p>\n","protected":false},"excerpt":{"rendered":"<p>Apr\u00e8s une p\u00e9riode d\u2019hibernation trop longue \u00e0 notre go\u00fbt, Christelle et Christian remettent la\u00a0p\u00e9riode \u00ab Meeting \u00bb en marche en ce superbe week-end de fin mars sur les routes vosgiennes.\u00a0L\u2019occasion de d\u00e9couvrir une charmante ferme auberge \u00ab A la Colline&#8230; <a class=\"more-link\" href=\"https:\/\/www.club-nouvelle-mini.com\/?p=1182\">Continue Reading &rarr;<\/a><\/p>\n","protected":false},"author":2,"featured_media":1184,"comment_status":"closed","ping_status":"open","sticky":false,"template":"","format":"standard","meta":[],"categories":[16],"tags":[],"_links":{"self":[{"href":"https:\/\/www.club-nouvelle-mini.com\/index.php?rest_route=\/wp\/v2\/posts\/1182"}],"collection":[{"href":"https:\/\/www.club-nouvelle-mini.com\/index.php?rest_route=\/wp\/v2\/posts"}],"about":[{"href":"https:\/\/www.club-nouvelle-mini.com\/index.php?rest_route=\/wp\/v2\/types\/post"}],"author":[{"embeddable":true,"href":"https:\/\/www.club-nouvelle-mini.com\/index.php?rest_route=\/wp\/v2\/users\/2"}],"replies":[{"embeddable":true,"href":"https:\/\/www.club-nouvelle-mini.com\/index.php?rest_route=%2Fwp%2Fv2%2Fcomments&post=1182"}],"version-history":[{"count":1,"href":"https:\/\/www.club-nouvelle-mini.com\/index.php?rest_route=\/wp\/v2\/posts\/1182\/revisions"}],"predecessor-version":[{"id":1187,"href":"https:\/\/www.club-nouvelle-mini.com\/index.php?rest_route=\/wp\/v2\/posts\/1182\/revisions\/1187"}],"wp:featuredmedia":[{"embeddable":true,"href":"https:\/\/www.club-nouvelle-mini.com\/index.php?rest_route=\/wp\/v2\/media\/1184"}],"wp:attachment":[{"href":"https:\/\/www.club-nouvelle-mini.com\/index.php?rest_route=%2Fwp%2Fv2%2Fmedia&parent=1182"}],"wp:term":[{"taxonomy":"category","embeddable":true,"href":"https:\/\/www.club-nouvelle-mini.com\/index.php?rest_route=%2Fwp%2Fv2%2Fcategories&post=1182"},{"taxonomy":"post_tag","embeddable":true,"href":"https:\/\/www.club-nouvelle-mini.com\/index.php?rest_route=%2Fwp%2Fv2%2Ftags&post=1182"}],"curies":[{"name":"wp","href":"https:\/\/api.w.org\/{rel}","templated":true}]}}