{"id":165,"date":"2013-10-21T13:44:15","date_gmt":"2013-10-21T12:44:15","guid":{"rendered":"http:\/\/test.club-nouvelle-mini.com\/?p=165"},"modified":"2018-08-09T18:01:07","modified_gmt":"2018-08-09T17:01:07","slug":"2013-jura","status":"publish","type":"post","link":"https:\/\/www.club-nouvelle-mini.com\/?p=165","title":{"rendered":"Meeting Jurassien"},"content":{"rendered":"<p class=\"MsoNormal\">Ayant r\u00e9cemment d\u00e9m\u00e9nag\u00e9 dans le Jura, Jo et Emy ont voulu nous faire d\u00e9couvrir leur nouvelle r\u00e9gion. Nous nous sommes ainsi retrouv\u00e9s le weekend du 19 et 20 octobre 2013 dans le pays du comt\u00e9 et du vin jaune. Apr\u00e8s le Meeting Mirabelle l&rsquo;ann\u00e9e derni\u00e8re, ce sont les routes du Jura qui nous ont accueillis cette ann\u00e9e pour L&rsquo;AG du Club Nouvelle Mini.<\/p>\n<p class=\"MsoNormal\" style=\"text-align: center;\"><img loading=\"lazy\" class=\" size-full wp-image-159\" title=\"2013-jura-1\" src=\"http:\/\/test.club-nouvelle-mini.com\/wp-content\/uploads\/2014\/05\/2013-jura-1.jpg\" alt=\"2013-jura-1\" width=\"500\" height=\"332\" border=\"0\" srcset=\"https:\/\/www.club-nouvelle-mini.com\/wp-content\/uploads\/2014\/05\/2013-jura-1.jpg 500w, https:\/\/www.club-nouvelle-mini.com\/wp-content\/uploads\/2014\/05\/2013-jura-1-300x199.jpg 300w\" sizes=\"(max-width: 500px) 100vw, 500px\" \/><\/p>\n<p class=\"MsoNormal\">Au programme, apr\u00e8s une Before le vendredi soir aux fromages locaux, nous avons pris le p&rsquo;tit d\u00e9j&rsquo; au pied de la vieille ville de D\u00f4le.<\/p>\n<p class=\"MsoNormal\" style=\"text-align: center;\"><img loading=\"lazy\" class=\" size-full wp-image-160\" title=\"2013-jura-2\" src=\"http:\/\/test.club-nouvelle-mini.com\/wp-content\/uploads\/2014\/05\/2013-jura-2.jpg\" alt=\"2013-jura-2\" width=\"500\" height=\"333\" border=\"0\" srcset=\"https:\/\/www.club-nouvelle-mini.com\/wp-content\/uploads\/2014\/05\/2013-jura-2.jpg 500w, https:\/\/www.club-nouvelle-mini.com\/wp-content\/uploads\/2014\/05\/2013-jura-2-300x200.jpg 300w\" sizes=\"(max-width: 500px) 100vw, 500px\" \/><\/p>\n<p class=\"MsoNormal\">Nous sommes ensuite partis pour un premier roadbook sur le th\u00e8me du Comt\u00e9. Nous avons alors fait la visite d&rsquo;une fromagerie artisanale.<\/p>\n<p class=\"MsoNormal\" style=\"text-align: center;\"><img loading=\"lazy\" class=\" size-full wp-image-161\" title=\"2013-jura-3\" src=\"http:\/\/test.club-nouvelle-mini.com\/wp-content\/uploads\/2014\/05\/2013-jura-3.jpg\" alt=\"2013-jura-3\" width=\"500\" height=\"333\" border=\"0\" srcset=\"https:\/\/www.club-nouvelle-mini.com\/wp-content\/uploads\/2014\/05\/2013-jura-3.jpg 500w, https:\/\/www.club-nouvelle-mini.com\/wp-content\/uploads\/2014\/05\/2013-jura-3-300x200.jpg 300w\" sizes=\"(max-width: 500px) 100vw, 500px\" \/><\/p>\n<p class=\"MsoNormal\">L&rsquo;apr\u00e8s-midi, nous avons commenc\u00e9 par un roadbook digestif autour du lac de Vouglans, puis la visite du mus\u00e9e du jouet.<\/p>\n<p class=\"MsoNormal\" style=\"text-align: center;\"><img loading=\"lazy\" class=\" size-full wp-image-162\" title=\"2013-jura-4\" src=\"http:\/\/test.club-nouvelle-mini.com\/wp-content\/uploads\/2014\/05\/2013-jura-4.jpg\" alt=\"2013-jura-4\" width=\"334\" height=\"500\" border=\"0\" srcset=\"https:\/\/www.club-nouvelle-mini.com\/wp-content\/uploads\/2014\/05\/2013-jura-4.jpg 334w, https:\/\/www.club-nouvelle-mini.com\/wp-content\/uploads\/2014\/05\/2013-jura-4-200x300.jpg 200w\" sizes=\"(max-width: 334px) 100vw, 334px\" \/><\/p>\n<p class=\"MsoNormal\">Un autre roadbook nous a ensuite conduit \u00e0 la cascade du H\u00e9risson, histoire de parader en bottes. Enfin, retour \u00e0 D\u00f4le pour l&rsquo;AG du club et le repas du soir.<\/p>\n<p class=\"MsoNormal\" style=\"text-align: center;\"><img loading=\"lazy\" class=\" size-full wp-image-163\" title=\"2013-jura-5\" src=\"http:\/\/test.club-nouvelle-mini.com\/wp-content\/uploads\/2014\/05\/2013-jura-5.jpg\" alt=\"2013-jura-5\" width=\"333\" height=\"500\" border=\"0\" srcset=\"https:\/\/www.club-nouvelle-mini.com\/wp-content\/uploads\/2014\/05\/2013-jura-5.jpg 333w, https:\/\/www.club-nouvelle-mini.com\/wp-content\/uploads\/2014\/05\/2013-jura-5-200x300.jpg 200w\" sizes=\"(max-width: 333px) 100vw, 333px\" \/><\/p>\n<p class=\"MsoNormal\">Le dimanche matin, la balade nous a promen\u00e9s autour du Doubs.<\/p>\n<p class=\"MsoNormal\" style=\"text-align: center;\"><img loading=\"lazy\" class=\" size-full wp-image-164\" title=\"2013-jura-6\" src=\"http:\/\/test.club-nouvelle-mini.com\/wp-content\/uploads\/2014\/05\/2013-jura-6.jpg\" alt=\"2013-jura-6\" width=\"500\" height=\"332\" border=\"0\" srcset=\"https:\/\/www.club-nouvelle-mini.com\/wp-content\/uploads\/2014\/05\/2013-jura-6.jpg 500w, https:\/\/www.club-nouvelle-mini.com\/wp-content\/uploads\/2014\/05\/2013-jura-6-300x199.jpg 300w\" sizes=\"(max-width: 500px) 100vw, 500px\" \/><\/p>\n<p class=\"MsoNormal\">Ce super weekend est \u00e0 revivre \u00e9galement en photo gr\u00e2ce \u00e0 <a href=\"https:\/\/picasaweb.google.com\/106428889314280735539\/MeetingJuraAG13?authuser=0&amp;authkey=Gv1sRgCPX3zImImJW77wE&amp;feat=directlink\">CamdyLilly et JojoRC<\/a>, <a href=\"https:\/\/plus.google.com\/u\/0\/photos\/113824522015853752420\/albums\/5936943376188180001\">MiniL\u00e9na et Arnaud<\/a>, <a href=\"https:\/\/picasaweb.google.com\/100958186827271841609\/CNMJURAOctobre201302?authuser=0&amp;authkey=Gv1sRgCJfunKyy-Y3TiQE&amp;feat=directlink\">Abrofa<\/a>, Rom56 <a href=\"https:\/\/plus.google.com\/photos\/102214882466494296661\/albums\/5937569567204904257\">1<\/a> et <a href=\"https:\/\/plus.google.com\/photos\/102214882466494296661\/albums\/5937569286473916257\">2<\/a>, <a href=\"https:\/\/plus.google.com\/photos\/110652699636517915946\/albums\/5937996321116676257\">Isangel92 et Celtyk<\/a> et enfin <a href=\"https:\/\/www.facebook.com\/media\/set\/?set=a.10201400255701592.1073741843.1030447884&amp;type=1&amp;l=1a7cd2992c\">Betty Boop<\/a>. Les vid\u00e9astes \u00e9taient \u00e9galement pr\u00e9sent en force, vous retrouverez ici le montage de <a href=\"http:\/\/youtu.be\/L5l8ZJBPyfs\">Mayfair95<\/a> et ci-dessous celui d&rsquo;Ani.<\/p>\n<p class=\"MsoNormal\" style=\"text-align: center;\"><iframe src=\"https:\/\/player.vimeo.com\/video\/78404672?app_id=122963\" width=\"676\" height=\"380\" frameborder=\"0\" title=\"Meeting AG JURA.\" webkitallowfullscreen mozallowfullscreen allowfullscreen><\/iframe><\/p>\n<p><iframe width=\"560\" height=\"315\" src=\"https:\/\/www.youtube.com\/embed\/L5l8ZJBPyfs\" frameborder=\"0\" allow=\"autoplay; encrypted-media\" allowfullscreen><\/iframe><\/p>\n","protected":false},"excerpt":{"rendered":"<p>Ayant r\u00e9cemment d\u00e9m\u00e9nag\u00e9 dans le Jura, Jo et Emy ont voulu nous faire d\u00e9couvrir leur nouvelle r\u00e9gion. Nous nous sommes ainsi retrouv\u00e9s le weekend du 19 et 20 octobre 2013 dans le pays du comt\u00e9 et du vin jaune. Apr\u00e8s&#8230; <a class=\"more-link\" href=\"https:\/\/www.club-nouvelle-mini.com\/?p=165\">Continue Reading &rarr;<\/a><\/p>\n","protected":false},"author":1,"featured_media":0,"comment_status":"closed","ping_status":"open","sticky":false,"template":"","format":"standard","meta":[],"categories":[10],"tags":[],"_links":{"self":[{"href":"https:\/\/www.club-nouvelle-mini.com\/index.php?rest_route=\/wp\/v2\/posts\/165"}],"collection":[{"href":"https:\/\/www.club-nouvelle-mini.com\/index.php?rest_route=\/wp\/v2\/posts"}],"about":[{"href":"https:\/\/www.club-nouvelle-mini.com\/index.php?rest_route=\/wp\/v2\/types\/post"}],"author":[{"embeddable":true,"href":"https:\/\/www.club-nouvelle-mini.com\/index.php?rest_route=\/wp\/v2\/users\/1"}],"replies":[{"embeddable":true,"href":"https:\/\/www.club-nouvelle-mini.com\/index.php?rest_route=%2Fwp%2Fv2%2Fcomments&post=165"}],"version-history":[{"count":4,"href":"https:\/\/www.club-nouvelle-mini.com\/index.php?rest_route=\/wp\/v2\/posts\/165\/revisions"}],"predecessor-version":[{"id":952,"href":"https:\/\/www.club-nouvelle-mini.com\/index.php?rest_route=\/wp\/v2\/posts\/165\/revisions\/952"}],"wp:attachment":[{"href":"https:\/\/www.club-nouvelle-mini.com\/index.php?rest_route=%2Fwp%2Fv2%2Fmedia&parent=165"}],"wp:term":[{"taxonomy":"category","embeddable":true,"href":"https:\/\/www.club-nouvelle-mini.com\/index.php?rest_route=%2Fwp%2Fv2%2Fcategories&post=165"},{"taxonomy":"post_tag","embeddable":true,"href":"https:\/\/www.club-nouvelle-mini.com\/index.php?rest_route=%2Fwp%2Fv2%2Ftags&post=165"}],"curies":[{"name":"wp","href":"https:\/\/api.w.org\/{rel}","templated":true}]}}