{"id":174,"date":"2014-06-02T14:32:05","date_gmt":"2014-06-02T13:32:05","guid":{"rendered":"http:\/\/test.club-nouvelle-mini.com\/?p=174"},"modified":"2018-05-21T13:52:01","modified_gmt":"2018-05-21T12:52:01","slug":"2014-bourgogne","status":"publish","type":"post","link":"https:\/\/www.club-nouvelle-mini.com\/?p=174","title":{"rendered":"Meeting Bourgogne &#8211; 31 mai et 1 juin 2014"},"content":{"rendered":"<p>En cette fin mai, Jo et Emy nous ont fait visiter la Bourgogne et plus particuli\u00e8rement la C\u00f4te d&rsquo;Or, entre Dijon, Beaune et la Vall\u00e9e de l&rsquo;Ouche.<\/p>\n<p>Apr\u00e8s un bon accueil \u00e0 la concession MINI de Dijon le d\u00e9part f\u00fbt pris pour Geverey-Chambertin en vue de la pause midi.<\/p>\n<p style=\"text-align: center;\"><img loading=\"lazy\" class=\" size-full wp-image-171\" title=\"2014-bourgogne-1\" src=\"http:\/\/test.club-nouvelle-mini.com\/wp-content\/uploads\/2015\/03\/2014-bourgogne-1.JPG\" alt=\"2014-bourgogne-1\" width=\"500\" height=\"332\" border=\"0\" srcset=\"https:\/\/www.club-nouvelle-mini.com\/wp-content\/uploads\/2015\/03\/2014-bourgogne-1.JPG 500w, https:\/\/www.club-nouvelle-mini.com\/wp-content\/uploads\/2015\/03\/2014-bourgogne-1-300x199.jpg 300w\" sizes=\"(max-width: 500px) 100vw, 500px\" \/><\/p>\n<p>L&rsquo;apr\u00e8s midi un second itin\u00e9raire mettant cette fois-ci les vignobles en valeur, nous \u00e9tions en Bourgogne apr\u00e8s tout ! Nous avons ensuite \u00e9chou\u00e9 \u00e0 Nuit-Saint-Georges.<\/p>\n<p style=\"text-align: center;\"><img loading=\"lazy\" class=\" size-full wp-image-172\" title=\"2014-bourgogne-2\" src=\"http:\/\/test.club-nouvelle-mini.com\/wp-content\/uploads\/2015\/03\/2014-bourgogne-2.JPG\" alt=\"2014-bourgogne-2\" width=\"500\" height=\"332\" border=\"0\" srcset=\"https:\/\/www.club-nouvelle-mini.com\/wp-content\/uploads\/2015\/03\/2014-bourgogne-2.JPG 500w, https:\/\/www.club-nouvelle-mini.com\/wp-content\/uploads\/2015\/03\/2014-bourgogne-2-300x199.jpg 300w\" sizes=\"(max-width: 500px) 100vw, 500px\" \/><\/p>\n<p>Dimanche Jo et Emy nous ont alors entra\u00eener vers la vall\u00e9e de l&rsquo;Ouche avant de revenir \u00e0 Nuit-Saint-Georges pour un dernier repas avant de se quitter.<\/p>\n<p style=\"text-align: center;\"><img loading=\"lazy\" class=\" size-full wp-image-173\" title=\"2014-bourgogne-3\" src=\"http:\/\/test.club-nouvelle-mini.com\/wp-content\/uploads\/2015\/03\/2014-bourgogne-3.jpg\" alt=\"2014-bourgogne-3\" width=\"500\" height=\"333\" border=\"0\" srcset=\"https:\/\/www.club-nouvelle-mini.com\/wp-content\/uploads\/2015\/03\/2014-bourgogne-3.jpg 500w, https:\/\/www.club-nouvelle-mini.com\/wp-content\/uploads\/2015\/03\/2014-bourgogne-3-300x200.jpg 300w\" sizes=\"(max-width: 500px) 100vw, 500px\" \/><\/p>\n<p>Cette sortie est \u00e0 revivre au travers des photos <a href=\"https:\/\/plus.google.com\/u\/1\/photos\/113824522015853752420\/albums\/6020058311479138369\" target=\"_blank\" rel=\"noopener noreferrer\">d&rsquo;Arnaud<\/a>, de <a href=\"http:\/\/www.motorlegend.com\/album-photo-voiture\/mini1970\/meeting-bourgogne-2014\/3218-1.html\" target=\"_blank\" rel=\"noopener noreferrer\">Mini1970<\/a> et de <a href=\"https:\/\/plus.google.com\/photos\/106428889314280735539\/albums\/6034792340945464049?authkey=CNj_gPG5jafFkQE\" target=\"_blank\" rel=\"noopener noreferrer\">JojoRC<\/a>. Pour conclure voici le montage de JojoRC :<\/p>\n<p><iframe src=\"https:\/\/player.vimeo.com\/video\/101246317?app_id=122963\" width=\"676\" height=\"380\" frameborder=\"0\" title=\"Meeting Mini Bourgogne 2014\" webkitallowfullscreen mozallowfullscreen allowfullscreen><\/iframe><\/p>\n","protected":false},"excerpt":{"rendered":"<p>En cette fin mai, Jo et Emy nous ont fait visiter la Bourgogne et plus particuli\u00e8rement la C\u00f4te d&rsquo;Or, entre Dijon, Beaune et la Vall\u00e9e de l&rsquo;Ouche. Apr\u00e8s un bon accueil \u00e0 la concession MINI de Dijon le d\u00e9part f\u00fbt&#8230; <a class=\"more-link\" href=\"https:\/\/www.club-nouvelle-mini.com\/?p=174\">Continue Reading &rarr;<\/a><\/p>\n","protected":false},"author":1,"featured_media":0,"comment_status":"closed","ping_status":"open","sticky":false,"template":"","format":"standard","meta":[],"categories":[10],"tags":[],"_links":{"self":[{"href":"https:\/\/www.club-nouvelle-mini.com\/index.php?rest_route=\/wp\/v2\/posts\/174"}],"collection":[{"href":"https:\/\/www.club-nouvelle-mini.com\/index.php?rest_route=\/wp\/v2\/posts"}],"about":[{"href":"https:\/\/www.club-nouvelle-mini.com\/index.php?rest_route=\/wp\/v2\/types\/post"}],"author":[{"embeddable":true,"href":"https:\/\/www.club-nouvelle-mini.com\/index.php?rest_route=\/wp\/v2\/users\/1"}],"replies":[{"embeddable":true,"href":"https:\/\/www.club-nouvelle-mini.com\/index.php?rest_route=%2Fwp%2Fv2%2Fcomments&post=174"}],"version-history":[{"count":3,"href":"https:\/\/www.club-nouvelle-mini.com\/index.php?rest_route=\/wp\/v2\/posts\/174\/revisions"}],"predecessor-version":[{"id":687,"href":"https:\/\/www.club-nouvelle-mini.com\/index.php?rest_route=\/wp\/v2\/posts\/174\/revisions\/687"}],"wp:attachment":[{"href":"https:\/\/www.club-nouvelle-mini.com\/index.php?rest_route=%2Fwp%2Fv2%2Fmedia&parent=174"}],"wp:term":[{"taxonomy":"category","embeddable":true,"href":"https:\/\/www.club-nouvelle-mini.com\/index.php?rest_route=%2Fwp%2Fv2%2Fcategories&post=174"},{"taxonomy":"post_tag","embeddable":true,"href":"https:\/\/www.club-nouvelle-mini.com\/index.php?rest_route=%2Fwp%2Fv2%2Ftags&post=174"}],"curies":[{"name":"wp","href":"https:\/\/api.w.org\/{rel}","templated":true}]}}