{"id":178,"date":"2014-07-28T13:21:49","date_gmt":"2014-07-28T12:21:49","guid":{"rendered":"http:\/\/test.club-nouvelle-mini.com\/?p=178"},"modified":"2018-05-24T15:39:36","modified_gmt":"2018-05-24T14:39:36","slug":"2014-belgique","status":"publish","type":"post","link":"https:\/\/www.club-nouvelle-mini.com\/?p=178","title":{"rendered":"Meeting Belgique &#8211; 26 et 27 juillet 2014"},"content":{"rendered":"<p>Pour ce weekend du 26 et 27 juillet, c&rsquo;est notre tr\u00e8s cher pr\u00e9sident qui nous donne rendez-vous pour ce meeting Belgique. Une petite quinzaine d&rsquo;\u00e9quipage r\u00e9pondirent \u00e0 l&rsquo;appel dont une tr\u00e8s jolie old.<\/p>\n<p style=\"text-align: center;\"><img loading=\"lazy\" class=\" size-full wp-image-175\" title=\"2014-belgique-1\" src=\"http:\/\/test.club-nouvelle-mini.com\/wp-content\/uploads\/2015\/03\/2014-belgique-1.jpg\" alt=\"2014-belgique-1\" width=\"500\" height=\"332\" border=\"0\" srcset=\"https:\/\/www.club-nouvelle-mini.com\/wp-content\/uploads\/2015\/03\/2014-belgique-1.jpg 500w, https:\/\/www.club-nouvelle-mini.com\/wp-content\/uploads\/2015\/03\/2014-belgique-1-300x199.jpg 300w\" sizes=\"(max-width: 500px) 100vw, 500px\" \/><\/p>\n<p>Nous primes alors la direction de l&rsquo;Avesnois dont un petit arr\u00eat \u00e0 Maroilles. Quel meilleur moment que ce d\u00e9but de weekend pour d\u00e9j\u00e0 faire quelques petits achats olfactifs puissant &#8230; Meeting Belgique oblige nous avons alors ensuite repris le chemin du royaume pour prendre le pic nic \u00e0 la concession MINI de Mons.<\/p>\n<p style=\"text-align: center;\"><img loading=\"lazy\" class=\" size-full wp-image-176\" title=\"2014-belgique-2\" src=\"http:\/\/test.club-nouvelle-mini.com\/wp-content\/uploads\/2015\/03\/2014-belgique-2.jpg\" alt=\"2014-belgique-2\" width=\"300\" height=\"290\" border=\"0\" \/><\/p>\n<p>L&rsquo;apr\u00e8s midi c&rsquo;est le Parc Naturel des Haut-Pays que nous avons sillonn\u00e9 agr\u00e9ablement. Un petit arr\u00eat \u00e0 la Taverne du Baron nous permis alors de d\u00e9couvrir un certain savoir faire brassicole bien belge. Nous avons alors fini la journ\u00e9e \u00e0 Blaugnies o\u00f9 le repas du soir nous attendait. Dimanche c&rsquo;est le pays des collines qui f\u00fbt mis \u00e0 l&rsquo;honneur avant de cl\u00f4turer ce beau weekend par un dernier repas.<\/p>\n<p style=\"text-align: center;\"><img loading=\"lazy\" class=\" size-full wp-image-177\" title=\"2014-belgique-3\" src=\"http:\/\/test.club-nouvelle-mini.com\/wp-content\/uploads\/2015\/03\/2014-belgique-3.jpg\" alt=\"2014-belgique-3\" width=\"500\" height=\"332\" border=\"0\" srcset=\"https:\/\/www.club-nouvelle-mini.com\/wp-content\/uploads\/2015\/03\/2014-belgique-3.jpg 500w, https:\/\/www.club-nouvelle-mini.com\/wp-content\/uploads\/2015\/03\/2014-belgique-3-300x199.jpg 300w\" sizes=\"(max-width: 500px) 100vw, 500px\" \/><\/p>\n<p>Merci aux photographes du weekend \u00e0 savoir <a href=\"http:\/\/www.motorlegend.com\/album-photo-voiture\/clubynette\/meeting-belgique-2014\/3265-1.html\" target=\"_blank\" rel=\"noopener noreferrer\">Clubynette<\/a> et <a href=\"https:\/\/plus.google.com\/u\/0\/photos\/108269041041600964276\/albums\/6042137016561963761\" target=\"_blank\" rel=\"noopener noreferrer\">So6&prime;<\/a>. La vid\u00e9o d&rsquo;Ani est a <a href=\"http:\/\/www.dailymotion.com\/video\/x25sy0e_meeting-mini-belgique_travel\" target=\"_blank\" rel=\"noopener noreferrer\">revoir par ici<\/a><\/p>\n","protected":false},"excerpt":{"rendered":"<p>Pour ce weekend du 26 et 27 juillet, c&rsquo;est notre tr\u00e8s cher pr\u00e9sident qui nous donne rendez-vous pour ce meeting Belgique. Une petite quinzaine d&rsquo;\u00e9quipage r\u00e9pondirent \u00e0 l&rsquo;appel dont une tr\u00e8s jolie old. Nous primes alors la direction de l&rsquo;Avesnois&#8230; <a class=\"more-link\" href=\"https:\/\/www.club-nouvelle-mini.com\/?p=178\">Continue Reading &rarr;<\/a><\/p>\n","protected":false},"author":1,"featured_media":0,"comment_status":"closed","ping_status":"open","sticky":false,"template":"","format":"standard","meta":[],"categories":[10],"tags":[],"_links":{"self":[{"href":"https:\/\/www.club-nouvelle-mini.com\/index.php?rest_route=\/wp\/v2\/posts\/178"}],"collection":[{"href":"https:\/\/www.club-nouvelle-mini.com\/index.php?rest_route=\/wp\/v2\/posts"}],"about":[{"href":"https:\/\/www.club-nouvelle-mini.com\/index.php?rest_route=\/wp\/v2\/types\/post"}],"author":[{"embeddable":true,"href":"https:\/\/www.club-nouvelle-mini.com\/index.php?rest_route=\/wp\/v2\/users\/1"}],"replies":[{"embeddable":true,"href":"https:\/\/www.club-nouvelle-mini.com\/index.php?rest_route=%2Fwp%2Fv2%2Fcomments&post=178"}],"version-history":[{"count":5,"href":"https:\/\/www.club-nouvelle-mini.com\/index.php?rest_route=\/wp\/v2\/posts\/178\/revisions"}],"predecessor-version":[{"id":727,"href":"https:\/\/www.club-nouvelle-mini.com\/index.php?rest_route=\/wp\/v2\/posts\/178\/revisions\/727"}],"wp:attachment":[{"href":"https:\/\/www.club-nouvelle-mini.com\/index.php?rest_route=%2Fwp%2Fv2%2Fmedia&parent=178"}],"wp:term":[{"taxonomy":"category","embeddable":true,"href":"https:\/\/www.club-nouvelle-mini.com\/index.php?rest_route=%2Fwp%2Fv2%2Fcategories&post=178"},{"taxonomy":"post_tag","embeddable":true,"href":"https:\/\/www.club-nouvelle-mini.com\/index.php?rest_route=%2Fwp%2Fv2%2Ftags&post=178"}],"curies":[{"name":"wp","href":"https:\/\/api.w.org\/{rel}","templated":true}]}}