{"id":46,"date":"2009-11-09T17:45:05","date_gmt":"2009-11-09T16:45:05","guid":{"rendered":"http:\/\/test.club-nouvelle-mini.com\/?p=46"},"modified":"2015-05-30T10:19:08","modified_gmt":"2015-05-30T09:19:08","slug":"les-routes-du-pere-noel-2","status":"publish","type":"post","link":"https:\/\/www.club-nouvelle-mini.com\/?p=46","title":{"rendered":"Les routes du p\u00e8re No\u00ebl 2"},"content":{"rendered":"<p>Le 19 d\u00e9cembre 2009 \u00e9tait l&rsquo;occasion de partir \u00e0 la rencontre du p\u00e8re No\u00ebl en Belgique. Au menu, road-book allant de Namur \u00e0 Mons en passant par Chimay. Les membres du Club Nouvelle MINI pouvaient \u00e9galement profiter du march\u00e9 de No\u00ebl et de la patinoire qui prend place chaque ann\u00e9e sur la Grand-Place de Mons. Dans la journ\u00e9e, une petite halte est pr\u00e9vue \u00e0 l&rsquo;Auberge du Poteaupr\u00e9 o\u00f9 chacun peut se restaurer et go\u00fbter le breuvage local, la bi\u00e8re de Chimay.<\/p>\n<p style=\"text-align:center;\"><img loading=\"lazy\" class=\" size-full wp-image-44\" src=\"http:\/\/test.club-nouvelle-mini.com\/wp-content\/uploads\/2009\/11\/2009-noel-1.jpg\" border=\"0\" width=\"500\" height=\"374\" srcset=\"https:\/\/www.club-nouvelle-mini.com\/wp-content\/uploads\/2009\/11\/2009-noel-1.jpg 500w, https:\/\/www.club-nouvelle-mini.com\/wp-content\/uploads\/2009\/11\/2009-noel-1-300x224.jpg 300w\" sizes=\"(max-width: 500px) 100vw, 500px\" \/><\/p>\n<p>Ce qui n&rsquo;\u00e9tait pas pr\u00e9vu, ce sont les fortes chutes de neige qui ont eu lieu la veille de notre rendez-vous. Une bonne moiti\u00e9 des participants s&rsquo;est retrouv\u00e9e en difficult\u00e9 dans la neige, face \u00e0 deux fortes c\u00f4tes enneig\u00e9es qui nous ont donn\u00e9 du fil \u00e0 retordre. Du coup, c&rsquo;est toute l&rsquo;organisation qui a \u00e9t\u00e9 revue et une bonne partie des MINIstes n&rsquo;ont pas pu terminer les road-books pr\u00e9vus. Mais ce n&rsquo;est que partie remise !<\/p>\n<p style=\"text-align:center;\"><img loading=\"lazy\" class=\" size-full wp-image-45\" src=\"http:\/\/test.club-nouvelle-mini.com\/wp-content\/uploads\/2009\/11\/2009-noel-2.jpg\" border=\"0\" width=\"500\" height=\"375\" srcset=\"https:\/\/www.club-nouvelle-mini.com\/wp-content\/uploads\/2009\/11\/2009-noel-2.jpg 500w, https:\/\/www.club-nouvelle-mini.com\/wp-content\/uploads\/2009\/11\/2009-noel-2-300x225.jpg 300w\" sizes=\"(max-width: 500px) 100vw, 500px\" \/><\/p>\n<p>Le nombre de photos prises par les MINIstes est \u00e0 la hauteur de l&rsquo;intensit\u00e9 de la journ\u00e9e, tr\u00e8s riche en \u00e9motion. Heureusement, pas de bobos tr\u00e8s grave mis \u00e0 part de petites glissades in\u00e9vitables&#8230; Retrouvez <a href=\"http:\/\/picasaweb.google.com\/pecoste\/MeetingCNMBelgiqueLesRoutesDuPereNoel\" target=\"_blank\">les photos de Paul_e<\/a>,<a href=\"http:\/\/picasaweb.google.fr\/arcaillet\/20091219MeetingMiniBelgique\" target=\"_blank\"> les photos d&rsquo;Arnaud et MiniL\u00e9na<\/a>, <a href=\"https:\/\/picasaweb.google.com\/101288828023325103374\/LesRoutesDesPeresNoel2009\" target=\"_blank\">les photos de Mathbxl<\/a>,\u00a0<a href=\"http:\/\/picasaweb.google.com\/maamin.ani\/LesRoutesDuPereNoelApocalypseSnow\" target=\"_blank\">les photos d&rsquo;Ani<\/a>, <a href=\"http:\/\/picasaweb.google.com\/dragon.bellatore\/SortieLaRoutesDesPeresNoel19122009\" target=\"_blank\">les photos de DeepLow<\/a>,\u00a0<a href=\"http:\/\/picasaweb.google.be\/FONTAINEDEWERT\/MeetingDuPereNoelDec2009\" target=\"_blank\">les photos de Martine<\/a>, <a href=\"http:\/\/www.flickr.com\/photos\/brezhoneg\/sets\/72157622914726695\/show\/\" target=\"_blank\">les photos de Satch<\/a>,\u00a0<a href=\"http:\/\/picasaweb.google.be\/Michel.Larmuseau\/LesRoutesDuPereNoel2009\" target=\"_blank\">les photos de Starfighter<\/a>, <a href=\"http:\/\/picasaweb.google.com\/Minipimpin\/LesRoutesDuPereNoel2009?authkey=Gv1sRgCOSm2aybmbzBDw&amp;feat=directlink\" target=\"_blank\">les photos de Pimpin<\/a>, <a href=\"http:\/\/picasaweb.google.com\/mcsmania0259\/MeetingDeNoelLesRoutesDuPereNoel\" target=\"_blank\">les photos de Mcsmania<\/a> et\u00a0<a href=\"http:\/\/picasaweb.google.com\/g.schmeler\/SortieCNMPereNoel?authkey=Gv1sRgCKSzlqum0c6kuwE\" target=\"_blank\">les photos de Clubby S<\/a>.<\/p>\n<p>Stefano et P\u00e9pito, pr\u00e9sents toute la journ\u00e9e avec leur mat\u00e9riel professionnel, nous ont gratifi\u00e9 d&rsquo;une m\u00e9morable vid\u00e9o :<\/p>\n<p style=\"text-align:center;\"><iframe src=\"https:\/\/player.vimeo.com\/video\/8349368\" width=\"428\" height=\"240\" frameborder=\"0\" title=\"Les Routes du P&egrave;re No&euml;l\" webkitallowfullscreen mozallowfullscreen allowfullscreen><\/iframe><\/p>\n","protected":false},"excerpt":{"rendered":"<p>Le 19 d\u00e9cembre 2009 \u00e9tait l&rsquo;occasion de partir \u00e0 la rencontre du p\u00e8re No\u00ebl en Belgique. Au menu, road-book allant de Namur \u00e0 Mons en passant par Chimay. Les membres du Club Nouvelle MINI pouvaient \u00e9galement profiter du march\u00e9 de&#8230; <a class=\"more-link\" href=\"https:\/\/www.club-nouvelle-mini.com\/?p=46\">Continue Reading &rarr;<\/a><\/p>\n","protected":false},"author":1,"featured_media":0,"comment_status":"closed","ping_status":"open","sticky":false,"template":"","format":"standard","meta":[],"categories":[10],"tags":[],"_links":{"self":[{"href":"https:\/\/www.club-nouvelle-mini.com\/index.php?rest_route=\/wp\/v2\/posts\/46"}],"collection":[{"href":"https:\/\/www.club-nouvelle-mini.com\/index.php?rest_route=\/wp\/v2\/posts"}],"about":[{"href":"https:\/\/www.club-nouvelle-mini.com\/index.php?rest_route=\/wp\/v2\/types\/post"}],"author":[{"embeddable":true,"href":"https:\/\/www.club-nouvelle-mini.com\/index.php?rest_route=\/wp\/v2\/users\/1"}],"replies":[{"embeddable":true,"href":"https:\/\/www.club-nouvelle-mini.com\/index.php?rest_route=%2Fwp%2Fv2%2Fcomments&post=46"}],"version-history":[{"count":1,"href":"https:\/\/www.club-nouvelle-mini.com\/index.php?rest_route=\/wp\/v2\/posts\/46\/revisions"}],"predecessor-version":[{"id":260,"href":"https:\/\/www.club-nouvelle-mini.com\/index.php?rest_route=\/wp\/v2\/posts\/46\/revisions\/260"}],"wp:attachment":[{"href":"https:\/\/www.club-nouvelle-mini.com\/index.php?rest_route=%2Fwp%2Fv2%2Fmedia&parent=46"}],"wp:term":[{"taxonomy":"category","embeddable":true,"href":"https:\/\/www.club-nouvelle-mini.com\/index.php?rest_route=%2Fwp%2Fv2%2Fcategories&post=46"},{"taxonomy":"post_tag","embeddable":true,"href":"https:\/\/www.club-nouvelle-mini.com\/index.php?rest_route=%2Fwp%2Fv2%2Ftags&post=46"}],"curies":[{"name":"wp","href":"https:\/\/api.w.org\/{rel}","templated":true}]}}