{"id":69,"date":"2011-01-20T15:33:18","date_gmt":"2011-01-20T14:33:18","guid":{"rendered":"http:\/\/test.club-nouvelle-mini.com\/?p=69"},"modified":"2015-05-30T10:19:08","modified_gmt":"2015-05-30T09:19:08","slug":"rallye-des-fagnes","status":"publish","type":"post","link":"https:\/\/www.club-nouvelle-mini.com\/?p=69","title":{"rendered":"Rallye des Fagnes"},"content":{"rendered":"<p>Direction la r\u00e9gion de Spa-Francorchamps, le 23 mai 2010, pour une sortie intitul\u00e9e \u00ab\u00a0Le Rallye des Fagnes\u00a0\u00bb. Ce sont environ 30 MINIs qui s&rsquo;\u00e9lancent le matin du\u00a0barrage de la Gileppe\u00a0en direction de la r\u00e9gion germanophone. Etape d\u00e9jeuner \u00e0 Butgenbach et petit arr\u00eat \u00e0 Wanne pour admirer le magnifique point de vue.<\/p>\n<p style=\"text-align:center;\"><img loading=\"lazy\" class=\" size-full wp-image-68\" src=\"http:\/\/test.club-nouvelle-mini.com\/wp-content\/uploads\/2011\/01\/2010-fagnes.jpg\" border=\"0\" width=\"500\" height=\"374\" srcset=\"https:\/\/www.club-nouvelle-mini.com\/wp-content\/uploads\/2011\/01\/2010-fagnes.jpg 500w, https:\/\/www.club-nouvelle-mini.com\/wp-content\/uploads\/2011\/01\/2010-fagnes-300x224.jpg 300w\" sizes=\"(max-width: 500px) 100vw, 500px\" \/><\/p>\n<p>Retrouvez des tonnes d&rsquo;images et autant de bons souvenirs dans\u00a0<a href=\"http:\/\/picasaweb.google.com\/101288828023325103374\/LeRallyeDesFagnes\" target=\"_blank\">les photos de Mathbxl<\/a>,\u00a0<a href=\"http:\/\/picasaweb.google.com\/maamin.ani\/RallyeDesFagnes\" target=\"_blank\">les photos d&rsquo;Ani<\/a>,\u00a0<a href=\"http:\/\/picasaweb.google.be\/minidesi56\/RallyeDesFagnes?authkey=Gv1sRgCJ_xmcKjrI2Z8AE&amp;feat=email\" target=\"_blank\">les photos de Mini-Desi<\/a>,\u00a0<a href=\"http:\/\/picasaweb.google.com\/102764637620846276391\/RallyeDesFagnes\" target=\"_blank\">les photos de JojoRC et CamdyLilly<\/a>,\u00a0<a href=\"http:\/\/picasaweb.google.com\/110044794541074276755\/20100523_Fagnes\" target=\"_blank\">les photos de Jean-My<\/a>,\u00a0<a href=\"http:\/\/picasaweb.google.com\/108269041041600964276\/MeetingRallyeDesFagnes23052010BE\" target=\"_blank\">les photos de So6&prime;<\/a> et\u00a0<a href=\"http:\/\/picasaweb.google.com\/109210838941322632327\/LeRallyeDesFagnesParMiniDesiCe23Mai2010?authkey=Gv1sRgCNjKh-mh5ofV5AE\" target=\"_blank\">les photos de Goon<\/a> !<\/p>\n<p>Pour finir (et comme d&rsquo;habitude !), voici le superbe montage r\u00e9alis\u00e9 par Ani.<\/p>\n<p style=\"text-align:center;\"><iframe src=\"https:\/\/player.vimeo.com\/video\/12547051\" width=\"676\" height=\"423\" frameborder=\"0\" title=\"Le Rallye des Fagnes\" webkitallowfullscreen mozallowfullscreen allowfullscreen><\/iframe><\/p>\n","protected":false},"excerpt":{"rendered":"<p>Direction la r\u00e9gion de Spa-Francorchamps, le 23 mai 2010, pour une sortie intitul\u00e9e \u00ab\u00a0Le Rallye des Fagnes\u00a0\u00bb. Ce sont environ 30 MINIs qui s&rsquo;\u00e9lancent le matin du\u00a0barrage de la Gileppe\u00a0en direction de la r\u00e9gion germanophone. Etape d\u00e9jeuner \u00e0 Butgenbach et&#8230; <a class=\"more-link\" href=\"https:\/\/www.club-nouvelle-mini.com\/?p=69\">Continue Reading &rarr;<\/a><\/p>\n","protected":false},"author":1,"featured_media":0,"comment_status":"closed","ping_status":"open","sticky":false,"template":"","format":"standard","meta":[],"categories":[10],"tags":[],"_links":{"self":[{"href":"https:\/\/www.club-nouvelle-mini.com\/index.php?rest_route=\/wp\/v2\/posts\/69"}],"collection":[{"href":"https:\/\/www.club-nouvelle-mini.com\/index.php?rest_route=\/wp\/v2\/posts"}],"about":[{"href":"https:\/\/www.club-nouvelle-mini.com\/index.php?rest_route=\/wp\/v2\/types\/post"}],"author":[{"embeddable":true,"href":"https:\/\/www.club-nouvelle-mini.com\/index.php?rest_route=\/wp\/v2\/users\/1"}],"replies":[{"embeddable":true,"href":"https:\/\/www.club-nouvelle-mini.com\/index.php?rest_route=%2Fwp%2Fv2%2Fcomments&post=69"}],"version-history":[{"count":1,"href":"https:\/\/www.club-nouvelle-mini.com\/index.php?rest_route=\/wp\/v2\/posts\/69\/revisions"}],"predecessor-version":[{"id":250,"href":"https:\/\/www.club-nouvelle-mini.com\/index.php?rest_route=\/wp\/v2\/posts\/69\/revisions\/250"}],"wp:attachment":[{"href":"https:\/\/www.club-nouvelle-mini.com\/index.php?rest_route=%2Fwp%2Fv2%2Fmedia&parent=69"}],"wp:term":[{"taxonomy":"category","embeddable":true,"href":"https:\/\/www.club-nouvelle-mini.com\/index.php?rest_route=%2Fwp%2Fv2%2Fcategories&post=69"},{"taxonomy":"post_tag","embeddable":true,"href":"https:\/\/www.club-nouvelle-mini.com\/index.php?rest_route=%2Fwp%2Fv2%2Ftags&post=69"}],"curies":[{"name":"wp","href":"https:\/\/api.w.org\/{rel}","templated":true}]}}