{"id":77,"date":"2011-01-20T21:42:16","date_gmt":"2011-01-20T20:42:16","guid":{"rendered":"http:\/\/test.club-nouvelle-mini.com\/?p=77"},"modified":"2015-05-30T10:19:08","modified_gmt":"2015-05-30T09:19:08","slug":"meeting-champagne","status":"publish","type":"post","link":"https:\/\/www.club-nouvelle-mini.com\/?p=77","title":{"rendered":"Meeting Champagne"},"content":{"rendered":"<p>L&rsquo;assembl\u00e9e g\u00e9n\u00e9rale du Club Nouvelle MINI 2009 se tient dans la r\u00e9gion Champagne. C&rsquo;est l&rsquo;occasion d&rsquo;un meeting \u00e0 travers les vignes ! Un premier road-book m\u00e8nera les MINIstes dans les montagnes de Reims jusqu&rsquo;aux c\u00e9l\u00e8bres caves Mercier. La suite du meeting m\u00e8ne au phare de Verzenay qui donne un point de vue\u00a0imprenable\u00a0sur les vignes, puis halte dans le centre ville de Reims pour une visite de la cath\u00e9drale. Plus de 20 MINI participent \u00e0 cette sortie !<\/p>\n<p style=\"text-align:center;\"><img loading=\"lazy\" class=\" size-full wp-image-76\" src=\"http:\/\/test.club-nouvelle-mini.com\/wp-content\/uploads\/2011\/01\/2009-champagne.jpg\" border=\"0\" width=\"500\" height=\"375\" srcset=\"https:\/\/www.club-nouvelle-mini.com\/wp-content\/uploads\/2011\/01\/2009-champagne.jpg 500w, https:\/\/www.club-nouvelle-mini.com\/wp-content\/uploads\/2011\/01\/2009-champagne-300x225.jpg 300w\" sizes=\"(max-width: 500px) 100vw, 500px\" \/><\/p>\n<p>Retrouvez <a href=\"http:\/\/picasaweb.google.fr\/pecoste\/MeetingChampagne2009\" target=\"_blank\">les photos de Paul_e<\/a>, <a href=\"http:\/\/picasaweb.google.com\/Bastouk500\/MeetingAGEnChampagne\" target=\"_blank\">les photos de Bastouk<\/a>, <a href=\"http:\/\/picasaweb.google.com\/mathbxl\/MeetingAGChampagne2009\" target=\"_blank\">les photos de Mathbxl<\/a> et <a href=\"http:\/\/www.flickr.com\/photos\/brezhoneg\/sets\/72157622782033978\/show\/\" target=\"_blank\">les photos de Satch<\/a> !<\/p>\n","protected":false},"excerpt":{"rendered":"<p>L&rsquo;assembl\u00e9e g\u00e9n\u00e9rale du Club Nouvelle MINI 2009 se tient dans la r\u00e9gion Champagne. C&rsquo;est l&rsquo;occasion d&rsquo;un meeting \u00e0 travers les vignes ! Un premier road-book m\u00e8nera les MINIstes dans les montagnes de Reims jusqu&rsquo;aux c\u00e9l\u00e8bres caves Mercier. La suite du&#8230; <a class=\"more-link\" href=\"https:\/\/www.club-nouvelle-mini.com\/?p=77\">Continue Reading &rarr;<\/a><\/p>\n","protected":false},"author":1,"featured_media":0,"comment_status":"closed","ping_status":"open","sticky":false,"template":"","format":"standard","meta":[],"categories":[10],"tags":[],"_links":{"self":[{"href":"https:\/\/www.club-nouvelle-mini.com\/index.php?rest_route=\/wp\/v2\/posts\/77"}],"collection":[{"href":"https:\/\/www.club-nouvelle-mini.com\/index.php?rest_route=\/wp\/v2\/posts"}],"about":[{"href":"https:\/\/www.club-nouvelle-mini.com\/index.php?rest_route=\/wp\/v2\/types\/post"}],"author":[{"embeddable":true,"href":"https:\/\/www.club-nouvelle-mini.com\/index.php?rest_route=\/wp\/v2\/users\/1"}],"replies":[{"embeddable":true,"href":"https:\/\/www.club-nouvelle-mini.com\/index.php?rest_route=%2Fwp%2Fv2%2Fcomments&post=77"}],"version-history":[{"count":1,"href":"https:\/\/www.club-nouvelle-mini.com\/index.php?rest_route=\/wp\/v2\/posts\/77\/revisions"}],"predecessor-version":[{"id":247,"href":"https:\/\/www.club-nouvelle-mini.com\/index.php?rest_route=\/wp\/v2\/posts\/77\/revisions\/247"}],"wp:attachment":[{"href":"https:\/\/www.club-nouvelle-mini.com\/index.php?rest_route=%2Fwp%2Fv2%2Fmedia&parent=77"}],"wp:term":[{"taxonomy":"category","embeddable":true,"href":"https:\/\/www.club-nouvelle-mini.com\/index.php?rest_route=%2Fwp%2Fv2%2Fcategories&post=77"},{"taxonomy":"post_tag","embeddable":true,"href":"https:\/\/www.club-nouvelle-mini.com\/index.php?rest_route=%2Fwp%2Fv2%2Ftags&post=77"}],"curies":[{"name":"wp","href":"https:\/\/api.w.org\/{rel}","templated":true}]}}