{"id":840,"date":"2017-02-13T15:55:44","date_gmt":"2017-02-13T14:55:44","guid":{"rendered":"http:\/\/www.club-nouvelle-mini.com\/?p=840"},"modified":"2018-08-04T15:58:51","modified_gmt":"2018-08-04T14:58:51","slug":"transjurassienne-du-10-au-12-fevrier-2017","status":"publish","type":"post","link":"https:\/\/www.club-nouvelle-mini.com\/?p=840","title":{"rendered":"Transjurassienne &#8211; Du 10 au 12 f\u00e9vrier 2017"},"content":{"rendered":"<p>Tout a commenc\u00e9 avec Jo et Emy qui demandaient s\u2019il y avait des Aministes \u00ab\u00a0du coin\u00a0\u00bb int\u00e9ress\u00e9s pour venir tester le nouveau MINI Countryman All 4 dans le Jura, plus pr\u00e9cis\u00e9ment sur la neige de la station des Rousses.<\/p>\n<p>D\u2019abord peu d\u2019enthousiasme, puis Jo nous relance et soudain, le mot \u00ab\u00a0fondue\u00a0\u00bb est lanc\u00e9. L\u00e0, le \u00ab\u00a0coin\u00a0\u00bb s\u2019\u00e9largit jusqu\u2019au Nord de la France et \u00e0 la Belgique : Les essais se transforment en week-end avec roadbooks endiabl\u00e9s !<\/p>\n<p>La plupart des Aministes sont arriv\u00e9s d\u00e9j\u00e0 le vendredi soir, avalant bravement les kilom\u00e8tres apr\u00e8s le travail.<\/p>\n<p>Le rendez-vous a \u00e9t\u00e9 fix\u00e9 \u00e0 10h le samedi matin \u00e0 Dole, sur les quais au bord du Doubs.<\/p>\n<p>Apr\u00e8s les retrouvailles, et malgr\u00e9 la grisaille, notre convoi de six bombinettes s\u2019\u00e9branle dans la joie et la bonne humeur.<\/p>\n<p>Roadbooks improvis\u00e9s, mais bien ficel\u00e9s, emmen\u00e9s par une GP fringuante ! Un premier arr\u00eat pour une d\u00e9gustation de bi\u00e8res artisanales brass\u00e9es au fond d\u2019une grange\u2026 Blonde et m\u00eame triple blonde, blanche, brune et ambr\u00e9e pour les plus costauds\u2026<\/p>\n<p><a href=\"http:\/\/www.club-nouvelle-mini.com\/wp-content\/uploads\/2018\/08\/Image8.jpg\"><img loading=\"lazy\" class=\"size-full wp-image-842 alignright\" src=\"http:\/\/www.club-nouvelle-mini.com\/wp-content\/uploads\/2018\/08\/Image8.jpg\" alt=\"\" width=\"480\" height=\"610\" srcset=\"https:\/\/www.club-nouvelle-mini.com\/wp-content\/uploads\/2018\/08\/Image8.jpg 480w, https:\/\/www.club-nouvelle-mini.com\/wp-content\/uploads\/2018\/08\/Image8-236x300.jpg 236w\" sizes=\"(max-width: 480px) 100vw, 480px\" \/><\/a>Quelques kilom\u00e8tres plus loin, faim oblige, nous nous arr\u00eatons pour nous restaurer. Puis le convoi repart \u00e0 la recherche d\u2019une Fruiti\u00e8re afin de faire le plein de produits fromagers.<\/p>\n<p>Le roadbook nous entra\u00eene \u00e0 nouveau vagabonder de plus belle \u00e0 travers le Comt\u00e9 pour se retrouver \u00e0 Dole.<\/p>\n<p>Le soir, nous avons \u00e9t\u00e9 chaleureusement accueillis dans la demeure de Jo et Emy pour partager la fameuse fondue !<\/p>\n<p>D\u2019autres Aministes nous ont rejoints et la soir\u00e9e n&rsquo;en f\u00fbt que plus m\u00e9morable. \u00e0 commencer par des Ch\u2019tis Mojitos. De franches rigolades, des blagues plus ou moins douteuses et des devinettes scabreuses ! La suite de la soir\u00e9e restera un myst\u00e8re pour certains\u2026<\/p>\n<p>Le dimanche matin, aussi frais qu\u2019on pouvait l\u2019\u00eatre, le convoi de huit bombinettes cette fois a pris la direction des Rousses, le but \u00e9tant d\u2019arriver \u00e0 temps au restaurant qui a \u00e9t\u00e9 r\u00e9serv\u00e9. D&rsquo;ailleurs deux Aministes de la Suisse voisine sont venus pour le repas.<\/p>\n<p>A 15h30, nous avions rendez-vous\u00a0 pour les essais. Ceux-ci auraient d\u00fb \u00eatre faits sur route enneig\u00e9e, mais au vu de l\u2019hiver assez doux, ce sera plus ou moins le cas\u2026<\/p>\n<p>Cependant, nous avons tout de m\u00eame eu droit \u00e0 un d\u00e9rapage sur neige dans un parking ! Certains ont commenc\u00e9 \u00e0 r\u00eaver\u2026<\/p>\n<p>Les essais termin\u00e9s, il \u00e9tait temps de se quitter et de reprendre chacun la route\u00a0 de sa maison, la t\u00eate encore pleine de rires et de joie du weekend.<\/p>\n","protected":false},"excerpt":{"rendered":"<p>Tout a commenc\u00e9 avec Jo et Emy qui demandaient s\u2019il y avait des Aministes \u00ab\u00a0du coin\u00a0\u00bb int\u00e9ress\u00e9s pour venir tester le nouveau MINI Countryman All 4 dans le Jura, plus pr\u00e9cis\u00e9ment sur la neige de la station des Rousses. D\u2019abord&#8230; <a class=\"more-link\" href=\"https:\/\/www.club-nouvelle-mini.com\/?p=840\">Continue Reading &rarr;<\/a><\/p>\n","protected":false},"author":2,"featured_media":841,"comment_status":"closed","ping_status":"open","sticky":false,"template":"","format":"standard","meta":[],"categories":[10],"tags":[],"_links":{"self":[{"href":"https:\/\/www.club-nouvelle-mini.com\/index.php?rest_route=\/wp\/v2\/posts\/840"}],"collection":[{"href":"https:\/\/www.club-nouvelle-mini.com\/index.php?rest_route=\/wp\/v2\/posts"}],"about":[{"href":"https:\/\/www.club-nouvelle-mini.com\/index.php?rest_route=\/wp\/v2\/types\/post"}],"author":[{"embeddable":true,"href":"https:\/\/www.club-nouvelle-mini.com\/index.php?rest_route=\/wp\/v2\/users\/2"}],"replies":[{"embeddable":true,"href":"https:\/\/www.club-nouvelle-mini.com\/index.php?rest_route=%2Fwp%2Fv2%2Fcomments&post=840"}],"version-history":[{"count":1,"href":"https:\/\/www.club-nouvelle-mini.com\/index.php?rest_route=\/wp\/v2\/posts\/840\/revisions"}],"predecessor-version":[{"id":843,"href":"https:\/\/www.club-nouvelle-mini.com\/index.php?rest_route=\/wp\/v2\/posts\/840\/revisions\/843"}],"wp:featuredmedia":[{"embeddable":true,"href":"https:\/\/www.club-nouvelle-mini.com\/index.php?rest_route=\/wp\/v2\/media\/841"}],"wp:attachment":[{"href":"https:\/\/www.club-nouvelle-mini.com\/index.php?rest_route=%2Fwp%2Fv2%2Fmedia&parent=840"}],"wp:term":[{"taxonomy":"category","embeddable":true,"href":"https:\/\/www.club-nouvelle-mini.com\/index.php?rest_route=%2Fwp%2Fv2%2Fcategories&post=840"},{"taxonomy":"post_tag","embeddable":true,"href":"https:\/\/www.club-nouvelle-mini.com\/index.php?rest_route=%2Fwp%2Fv2%2Ftags&post=840"}],"curies":[{"name":"wp","href":"https:\/\/api.w.org\/{rel}","templated":true}]}}