{"id":859,"date":"2017-08-28T11:51:33","date_gmt":"2017-08-28T10:51:33","guid":{"rendered":"http:\/\/www.club-nouvelle-mini.com\/?p=859"},"modified":"2025-06-20T17:26:18","modified_gmt":"2025-06-20T16:26:18","slug":"meeting-vexin-26-et-27-aout-2017","status":"publish","type":"post","link":"https:\/\/www.club-nouvelle-mini.com\/?p=859","title":{"rendered":"Meeting Vexin &#8211; 26 et 27 ao\u00fbt 2017"},"content":{"rendered":"<p>Depuis ma plus tendre enfance, les belles motos et les belles voitures m\u2019ont toujours attir\u00e9e.<\/p>\n<p>J\u2019ai enfin eu le plaisir d\u2019avoir ma petite Mini le 1<sup>er<\/sup> juillet 2010.<\/p>\n<p>Je connaissais bien s\u00fbr les rassemblements de motos notamment de Harley Davidson et puis, il y a deux ans, j\u2019ai trouv\u00e9 le groupe du Club Nouvelle Mini sur Facebook.<\/p>\n<p>Etant fan de la Mini d\u2019aujourd\u2019hui, adorant d\u00e9couvrir de nouveaux paysages, rencontrer de nouvelles personnes et aimant conduire au volant de ma belle, je me suis dit que ce club avait l\u2019air d\u2019\u00eatre fait pour moi\u00a0!<\/p>\n<p>Alors j\u2019ai regard\u00e9 les photos, les \u00e9v\u00e8nements, les commentaires, disons que j\u2019ai pris un peu la temp\u00e9rature et puis j\u2019ai d\u00e9cid\u00e9 de tester un premier meeting pas tr\u00e8s loin de chez moi\u00a0: Le Vexin Tour 2017 organis\u00e9 par Nad\u00e8ge.<\/p>\n<p>Apr\u00e8s plusieurs \u00e9changes avec S\u00e9bastien et Nad\u00e8ge, me voil\u00e0 inscrite \u00e0 ce premier meeting. J\u2019ai h\u00e2te mais il est vrai que j\u2019angoisse un peu, les gens vont-ils \u00eatre sympathiques\u00a0? Fous\u00a0? Dr\u00f4les\u00a0? Ennuyants\u00a0? \u00c2g\u00e9s\u00a0? Jeunes\u00a0?&#8230; Pleins de questions qui vont bient\u00f4t avoir leurs r\u00e9ponses\u00a0!<\/p>\n<p>Suspense\u00a0!<\/p>\n<p><a href=\"http:\/\/www.club-nouvelle-mini.com\/wp-content\/uploads\/2018\/08\/Image11.jpg\"><img loading=\"lazy\" class=\"size-full wp-image-867 alignright\" src=\"http:\/\/www.club-nouvelle-mini.com\/wp-content\/uploads\/2018\/08\/Image11.jpg\" alt=\"\" width=\"288\" height=\"119\" \/><\/a>Nous voil\u00e0 donc le samedi 26 ao\u00fbt 2017 au matin, il fait beau, chaud, je prends la route pour rejoindre Cergy \u00e0 45 minutes de chez moi. J\u2019arrive \u00e0 l\u2019h\u00f4tel Ibis o\u00f9 je suis cens\u00e9e rejoindre le groupe pour un petit d\u00e9jeuner. Je suis accueillie par S\u00e9bastien et Isabelle. Je suis impressionn\u00e9e\u00a0!<\/p>\n<p>Nous prenons le petit d\u00e9jeuner, on me pr\u00e9sente comme \u00e9tant nouvelle, je discute un peu \u00e0 droite \u00e0 gauche et nous voil\u00e0 partis sur la route.<\/p>\n<p>Nous traversons de jolis petits villages, les routes sont belles et sinueuses.<\/p>\n<p>Je prends un malin plaisir \u00e0 suivre une, deux, trois, quatre ou encore plus de Mini, j\u2019adore cette sensation de libert\u00e9, de pl\u00e9nitude.<\/p>\n<p>Nous arrivons \u00e0 Auvers sur Oise, charmant petit village du Val d\u2019Oise, connu gr\u00e2ce \u00e0 Van Gogh.<\/p>\n<p>Nad\u00e8ge nous a concoct\u00e9 plusieurs petits jeux dont un consistait \u00e0 prendre une photo originale devant l\u2019usine \u00e0 chewing-gum du film Rabbi Jacob \u00e0 Fr\u00e9mainville.<\/p>\n<p>Nous traversons \u00e9galement le village d\u2019Enfer, sympa\u00a0!<\/p>\n<p>Malheureusement, je ne peux pas vous donner plus de d\u00e9tails sur les villages travers\u00e9s car \u00e9tant seule dans mon bolide, je n\u2019ai pas regard\u00e9 le roadbook mais j\u2019ai suivi diff\u00e9rents pilotes tout au long de la journ\u00e9e.<\/p>\n<p>Merci \u00e0 eux pour leur sympathie, ils se reconnaitront\u00a0!<\/p>\n<p>Nous voici d\u00e9j\u00e0 \u00e0 la pause d\u00e9jeuner, nous nous retrouvons tous dans une salle de restaurant r\u00e9serv\u00e9e pour nous au bord de l\u2019eau. Je suis assise \u00e0 c\u00f4t\u00e9 d\u2019\u00c9ric et Audrey, de Jacques et Josiane, etc\u2026 Nous discutons, apprenons \u00e0 nous conna\u00eetre, le courant passe plut\u00f4t bien.<\/p>\n<p>Le repas fut d\u00e9licieux et nous voil\u00e0 reparti pour une apr\u00e8s-midi sur les routes. On the road again, lalala, lalala\u2026<\/p>\n<p>Lors de cet apr\u00e8s-midi, je suis sur la route avec Audrey et Eric, nous nous arr\u00eatons de nombreuses fois pour faire des photos, j\u2019adore \u00e7a\u00a0!<\/p>\n<p><a href=\"http:\/\/www.club-nouvelle-mini.com\/wp-content\/uploads\/2018\/08\/Image7-1.jpg\"><img loading=\"lazy\" class=\"alignnone wp-image-861 size-thumbnail\" src=\"http:\/\/www.club-nouvelle-mini.com\/wp-content\/uploads\/2018\/08\/Image7-1-150x150.jpg\" alt=\"\" width=\"150\" height=\"150\" \/><\/a>\u00a0<a href=\"http:\/\/www.club-nouvelle-mini.com\/wp-content\/uploads\/2018\/08\/Image8-1.jpg\"><img loading=\"lazy\" class=\"alignnone wp-image-862 size-thumbnail\" src=\"http:\/\/www.club-nouvelle-mini.com\/wp-content\/uploads\/2018\/08\/Image8-1-150x150.jpg\" alt=\"\" width=\"150\" height=\"150\" \/><\/a>\u00a0<a href=\"http:\/\/www.club-nouvelle-mini.com\/wp-content\/uploads\/2018\/08\/Image9.jpg\"><img loading=\"lazy\" class=\"alignnone wp-image-863 size-thumbnail\" src=\"http:\/\/www.club-nouvelle-mini.com\/wp-content\/uploads\/2018\/08\/Image9-150x150.jpg\" alt=\"\" width=\"150\" height=\"150\" \/><\/a><\/p>\n<p>Apr\u00e8s plusieurs kilom\u00e8tres, nous faisons une nouvelle pause au ch\u00e2teau Gaillard. Il s\u2019agit en fait d\u2019une forteresse m\u00e9di\u00e9vale du XIIe si\u00e8cle en ruine qui se situe au c\u0153ur du Vexin normand, \u00e0 100 km de Paris dans la commune des Andelys (Eure). Elle est b\u00e2tie sur une falaise de calcaire dominant un grand m\u00e9andre de la Seine<\/p>\n<p>Apr\u00e8s encore plusieurs kilom\u00e8tres, nous finissons cette journ\u00e9e de meeting et nous nous retrouvons \u00e0 nouveau tous ensemble dans un restaurant au Port Cergy.<\/p>\n<p>La soir\u00e9e fut tr\u00e8s agr\u00e9able. Voil\u00e0, c\u2019est ainsi que se termina mon premier meeting Mini\u00a0!<\/p>\n<p>Le meeting Vexin continua sa route le dimanche jusqu\u2019en milieu d\u2019apr\u00e8s-midi mais je n\u2019y ai pas particip\u00e9.<\/p>\n<p>Mais alors, quel est donc le bilan de mon premier meeting ? Et bien comme vous en doutez, j\u2019en fus ravie, effectivement toutes mes craintes furent vite oubli\u00e9es, j\u2019ai eu l\u2019impression de rencontrer un peu une nouvelle famille avec laquelle on partage au moins une passion la Mini et parfois plusieurs\u00a0: la photo, le voyage, les rencontres, les d\u00e9couvertes\u2026<\/p>\n<p>Alors merci \u00e0 vous et \u00e0 tr\u00e8s vite sur les routes de Normandie pour ma part\u00a0!<\/p>\n<p>Et surtout un \u00e9norme merci \u00e0 Nad\u00e8ge qui a r\u00e9alis\u00e9 ce meeting !<\/p>\n<p><iframe width=\"560\" height=\"315\" src=\"https:\/\/www.youtube.com\/embed\/QBtULz4No3w\" frameborder=\"0\" allow=\"autoplay; encrypted-media\" allowfullscreen><\/iframe><\/p>\n","protected":false},"excerpt":{"rendered":"<p>Depuis ma plus tendre enfance, les belles motos et les belles voitures m\u2019ont toujours attir\u00e9e. J\u2019ai enfin eu le plaisir d\u2019avoir ma petite Mini le 1er juillet 2010. Je connaissais bien s\u00fbr les rassemblements de motos notamment de Harley Davidson&#8230; <a class=\"more-link\" href=\"https:\/\/www.club-nouvelle-mini.com\/?p=859\">Continue Reading &rarr;<\/a><\/p>\n","protected":false},"author":2,"featured_media":860,"comment_status":"closed","ping_status":"open","sticky":false,"template":"","format":"standard","meta":[],"categories":[16],"tags":[],"_links":{"self":[{"href":"https:\/\/www.club-nouvelle-mini.com\/index.php?rest_route=\/wp\/v2\/posts\/859"}],"collection":[{"href":"https:\/\/www.club-nouvelle-mini.com\/index.php?rest_route=\/wp\/v2\/posts"}],"about":[{"href":"https:\/\/www.club-nouvelle-mini.com\/index.php?rest_route=\/wp\/v2\/types\/post"}],"author":[{"embeddable":true,"href":"https:\/\/www.club-nouvelle-mini.com\/index.php?rest_route=\/wp\/v2\/users\/2"}],"replies":[{"embeddable":true,"href":"https:\/\/www.club-nouvelle-mini.com\/index.php?rest_route=%2Fwp%2Fv2%2Fcomments&post=859"}],"version-history":[{"count":4,"href":"https:\/\/www.club-nouvelle-mini.com\/index.php?rest_route=\/wp\/v2\/posts\/859\/revisions"}],"predecessor-version":[{"id":869,"href":"https:\/\/www.club-nouvelle-mini.com\/index.php?rest_route=\/wp\/v2\/posts\/859\/revisions\/869"}],"wp:featuredmedia":[{"embeddable":true,"href":"https:\/\/www.club-nouvelle-mini.com\/index.php?rest_route=\/wp\/v2\/media\/860"}],"wp:attachment":[{"href":"https:\/\/www.club-nouvelle-mini.com\/index.php?rest_route=%2Fwp%2Fv2%2Fmedia&parent=859"}],"wp:term":[{"taxonomy":"category","embeddable":true,"href":"https:\/\/www.club-nouvelle-mini.com\/index.php?rest_route=%2Fwp%2Fv2%2Fcategories&post=859"},{"taxonomy":"post_tag","embeddable":true,"href":"https:\/\/www.club-nouvelle-mini.com\/index.php?rest_route=%2Fwp%2Fv2%2Ftags&post=859"}],"curies":[{"name":"wp","href":"https:\/\/api.w.org\/{rel}","templated":true}]}}