{"id":984,"date":"2018-06-30T16:10:34","date_gmt":"2018-06-30T15:10:34","guid":{"rendered":"http:\/\/www.club-nouvelle-mini.com\/?p=984"},"modified":"2025-06-20T17:27:16","modified_gmt":"2025-06-20T16:27:16","slug":"meeting-route-des-grandes-alpes-du-25-au-29-juin-2018","status":"publish","type":"post","link":"https:\/\/www.club-nouvelle-mini.com\/?p=984","title":{"rendered":"Meeting Route des Grandes Alpes &#8211; Du 25 au 29 juin 2018"},"content":{"rendered":"<p>Enfin !<\/p>\n<p>Apr\u00e8s plus d\u2019un an d\u2019absence dans le Club Nouvelle Mini, la Mini Monte Carlo a retrouv\u00e9 ses s\u0153urs, mais pas n\u2019importe o\u00f9 : sur la majestueuse Route des Grandes Alpes de Thonon-les-Bains \u00e0 Nice, en passant par Monaco.<\/p>\n<p><a href=\"http:\/\/www.club-nouvelle-mini.com\/wp-content\/uploads\/2018\/11\/Image8.jpg\"><img loading=\"lazy\" class=\"aligncenter size-full wp-image-986\" src=\"http:\/\/www.club-nouvelle-mini.com\/wp-content\/uploads\/2018\/11\/Image8.jpg\" alt=\"\" width=\"478\" height=\"319\" srcset=\"https:\/\/www.club-nouvelle-mini.com\/wp-content\/uploads\/2018\/11\/Image8.jpg 478w, https:\/\/www.club-nouvelle-mini.com\/wp-content\/uploads\/2018\/11\/Image8-300x200.jpg 300w\" sizes=\"(max-width: 478px) 100vw, 478px\" \/><\/a><\/p>\n<p><a href=\"http:\/\/www.club-nouvelle-mini.com\/wp-content\/uploads\/2018\/11\/Image9.jpg\"><img loading=\"lazy\" class=\"size-full wp-image-987 alignleft\" src=\"http:\/\/www.club-nouvelle-mini.com\/wp-content\/uploads\/2018\/11\/Image9.jpg\" alt=\"\" width=\"460\" height=\"307\" srcset=\"https:\/\/www.club-nouvelle-mini.com\/wp-content\/uploads\/2018\/11\/Image9.jpg 460w, https:\/\/www.club-nouvelle-mini.com\/wp-content\/uploads\/2018\/11\/Image9-300x200.jpg 300w\" sizes=\"(max-width: 460px) 100vw, 460px\" \/><\/a>Un finish on ne peut plus en phase avec le petit bolide aux couleurs rouge et blanc, quelle c\u00e9l\u00e9bration !<\/p>\n<p>J\u2019ai eu le plaisir de partager ce p\u00e9riple avec C\u00e9cile, qui a beaucoup appr\u00e9ci\u00e9 l\u2019ambiance du Club. Tout le long de ce road trip, ma copilote a \u00e9t\u00e9 berc\u00e9e par les lacets des Cols (et par ma conduite feutr\u00e9e ?).<\/p>\n<p>M\u00eame si nous \u00e9tions les benjamins de ce Tour des Alpes 2018, les grands enfants sont toujours pr\u00e9sents !<\/p>\n<p>En bref des routes incroyables, des paysages \u00e9poustouflants, une premi\u00e8re pour notre duo en meeting, une belle bande de passionn\u00e9s d\u00e9jant\u00e9s et un meeting encore une fois au top !<\/p>\n<p>Merci Jo et Emy !<\/p>\n<p>Merci \u00e0 tous.<\/p>\n<p>&#8212;&#8212;&#8212;&#8212;&#8212;&#8212;&#8212;&#8212;&#8212;&#8212;&#8212;&#8212;&#8212;&#8212;&#8212;&#8212;&#8212;&#8212;&#8212;&#8212;&#8212;&#8212;&#8212;&#8212;&#8212;&#8212;&#8212;&#8212;&#8212;&#8212;&#8212;&#8212;&#8212;&#8212;&#8212;&#8212;&#8212;&#8212;&#8212;&#8212;&#8212;&#8212;&#8212;&#8212;&#8212;&#8211;<\/p>\n<h3>Jour 1 \u2013 221 km<\/h3>\n<p>221 km de routes sinueuses (d\u00e9j\u00e0 un plein utilis\u00e9) dans des d\u00e9cors de r\u00eaves&#8230;\u00a0D\u00e9part de Thonon-les-Bains en direction des Gets via les gorges du Petit Diable, passage au col de la Colombi\u00e8re, puis le col des Aravis&#8230;\u00a0Rencontre improbable avec un ami qui fait le m\u00eame tour en moto&#8230;\u00a0Reprise de la route, passage au Col des Saisies, Cornet de Roselend et enfin arriv\u00e9e \u00e0 la Rosi\u00e8re&#8230;<\/p>\n<p><a href=\"http:\/\/www.club-nouvelle-mini.com\/wp-content\/uploads\/2018\/11\/Image10.jpg\"><img loading=\"lazy\" class=\"alignnone size-thumbnail wp-image-990\" src=\"http:\/\/www.club-nouvelle-mini.com\/wp-content\/uploads\/2018\/11\/Image10-150x150.jpg\" alt=\"\" width=\"150\" height=\"150\" \/><\/a>\u00a0<a href=\"http:\/\/www.club-nouvelle-mini.com\/wp-content\/uploads\/2018\/11\/Image11.jpg\"><img loading=\"lazy\" class=\"alignnone size-thumbnail wp-image-991\" src=\"http:\/\/www.club-nouvelle-mini.com\/wp-content\/uploads\/2018\/11\/Image11-150x150.jpg\" alt=\"\" width=\"150\" height=\"150\" \/><\/a>\u00a0<a href=\"http:\/\/www.club-nouvelle-mini.com\/wp-content\/uploads\/2018\/11\/Image12.jpg\"><img loading=\"lazy\" class=\"alignnone size-thumbnail wp-image-992\" src=\"http:\/\/www.club-nouvelle-mini.com\/wp-content\/uploads\/2018\/11\/Image12-150x150.jpg\" alt=\"\" width=\"150\" height=\"150\" \/><\/a>\u00a0<a href=\"http:\/\/www.club-nouvelle-mini.com\/wp-content\/uploads\/2018\/11\/Image13.jpg\"><img loading=\"lazy\" class=\"alignnone size-thumbnail wp-image-993\" src=\"http:\/\/www.club-nouvelle-mini.com\/wp-content\/uploads\/2018\/11\/Image13-150x150.jpg\" alt=\"\" width=\"150\" height=\"150\" \/><\/a>\u00a0<a href=\"http:\/\/www.club-nouvelle-mini.com\/wp-content\/uploads\/2018\/11\/Image14.jpg\"><img loading=\"lazy\" class=\"alignnone size-thumbnail wp-image-994\" src=\"http:\/\/www.club-nouvelle-mini.com\/wp-content\/uploads\/2018\/11\/Image14-150x150.jpg\" alt=\"\" width=\"150\" height=\"150\" \/><\/a><\/p>\n<h3>Jour 2 \u2013 207 km<\/h3>\n<p>D\u00e9part de La Rosi\u00e8re, passage \u00e0 Sainte-Foy-Tarentaise, Tignes, Val d\u2019Is\u00e8re et direction le col de l\u2019Iserand (2 764 m &#8211; plus haut col routier des Alpes).\u00a0Descente sur Bonneval-sur-Arc, un des plus beaux villages de France et pique-nique au soleil !\u00a0Apr\u00e8s-midi descente sur Saint-Jean de Maurienne, passage au col du t\u00e9l\u00e9graphe et arriv\u00e9e \u00e0 Valloire&#8230; Je suis ko !<\/p>\n<p><a href=\"http:\/\/www.club-nouvelle-mini.com\/wp-content\/uploads\/2018\/11\/Image15.jpg\"><img loading=\"lazy\" class=\"alignnone size-thumbnail wp-image-995\" src=\"http:\/\/www.club-nouvelle-mini.com\/wp-content\/uploads\/2018\/11\/Image15-150x150.jpg\" alt=\"\" width=\"150\" height=\"150\" \/><\/a>\u00a0<a href=\"http:\/\/www.club-nouvelle-mini.com\/wp-content\/uploads\/2018\/11\/Image16.jpg\"><img loading=\"lazy\" class=\"alignnone wp-image-996 size-medium\" src=\"http:\/\/www.club-nouvelle-mini.com\/wp-content\/uploads\/2018\/11\/Image16-300x223.jpg\" alt=\"\" width=\"300\" height=\"223\" srcset=\"https:\/\/www.club-nouvelle-mini.com\/wp-content\/uploads\/2018\/11\/Image16-300x223.jpg 300w, https:\/\/www.club-nouvelle-mini.com\/wp-content\/uploads\/2018\/11\/Image16.jpg 356w\" sizes=\"(max-width: 300px) 100vw, 300px\" \/><\/a>\u00a0<a href=\"http:\/\/www.club-nouvelle-mini.com\/wp-content\/uploads\/2018\/11\/Image17.jpg\"><img loading=\"lazy\" class=\"alignnone size-thumbnail wp-image-997\" src=\"http:\/\/www.club-nouvelle-mini.com\/wp-content\/uploads\/2018\/11\/Image17-150x150.jpg\" alt=\"\" width=\"150\" height=\"150\" \/><\/a>\u00a0<a href=\"http:\/\/www.club-nouvelle-mini.com\/wp-content\/uploads\/2018\/11\/Image18.jpg\"><img loading=\"lazy\" class=\"alignnone wp-image-998 size-medium\" src=\"http:\/\/www.club-nouvelle-mini.com\/wp-content\/uploads\/2018\/11\/Image18-300x200.jpg\" alt=\"\" width=\"300\" height=\"200\" srcset=\"https:\/\/www.club-nouvelle-mini.com\/wp-content\/uploads\/2018\/11\/Image18-300x200.jpg 300w, https:\/\/www.club-nouvelle-mini.com\/wp-content\/uploads\/2018\/11\/Image18.jpg 508w\" sizes=\"(max-width: 300px) 100vw, 300px\" \/><\/a><\/p>\n<h3>Jour 3 \u2013 246 km<\/h3>\n<p>Journ\u00e9e incroyable avec pour commencer le col du Galibier et du Lautaret.\u00a0Ensuite direction Brian\u00e7on puis le col de l\u2019Izoard.\u00a0Petit ap\u00e9ro au refuge Napol\u00e9on et pique-nique un peu plus bas.\u00a0Apr\u00e8s-midi, passage du col de Vars et enfin direction la route des cimes du col de la Bonnette (2 802 m) : paysages \u00e9poustouflants !! Enfin une arriv\u00e9e sur Barcelonnette pour une nouvelle soir\u00e9e et la d\u00e9couverte de l\u2019alcool de pin !<\/p>\n<p><a href=\"http:\/\/www.club-nouvelle-mini.com\/wp-content\/uploads\/2018\/11\/Image19.jpg\"><img loading=\"lazy\" class=\"alignnone wp-image-999 size-full\" src=\"http:\/\/www.club-nouvelle-mini.com\/wp-content\/uploads\/2018\/11\/Image19.jpg\" alt=\"\" width=\"282\" height=\"157\" \/><\/a>\u00a0<a href=\"http:\/\/www.club-nouvelle-mini.com\/wp-content\/uploads\/2018\/11\/Image20.jpg\"><img loading=\"lazy\" class=\"alignnone wp-image-1000 size-medium\" src=\"http:\/\/www.club-nouvelle-mini.com\/wp-content\/uploads\/2018\/11\/Image20-300x166.jpg\" alt=\"\" width=\"300\" height=\"166\" srcset=\"https:\/\/www.club-nouvelle-mini.com\/wp-content\/uploads\/2018\/11\/Image20-300x166.jpg 300w, https:\/\/www.club-nouvelle-mini.com\/wp-content\/uploads\/2018\/11\/Image20.jpg 508w\" sizes=\"(max-width: 300px) 100vw, 300px\" \/><\/a>\u00a0<a href=\"http:\/\/www.club-nouvelle-mini.com\/wp-content\/uploads\/2018\/11\/Image22-1.jpg\"><img loading=\"lazy\" class=\"alignnone wp-image-1001 size-medium\" src=\"http:\/\/www.club-nouvelle-mini.com\/wp-content\/uploads\/2018\/11\/Image22-1-300x169.jpg\" alt=\"\" width=\"300\" height=\"169\" srcset=\"https:\/\/www.club-nouvelle-mini.com\/wp-content\/uploads\/2018\/11\/Image22-1-300x169.jpg 300w, https:\/\/www.club-nouvelle-mini.com\/wp-content\/uploads\/2018\/11\/Image22-1.jpg 508w\" sizes=\"(max-width: 300px) 100vw, 300px\" \/><\/a><\/p>\n<h3>Jour 4 \u2013 220 km<\/h3>\n<p>Des routes de plus en plus improbables mais aussi marrantes ou flippantes entre le vide d\u2019un c\u00f4t\u00e9 et la roche ou montagne de l\u2019autre ! Beaucoup de brouillard ce matin ainsi qu\u2019un peu de pluie, du coup pas trop de photos&#8230; Passage au col de la Cayolle, \u00e0 Valberg et au col de la Couillole.\u00a0D\u00e9jeuner \u00e0 Valdeblord, puis passage dans le village du Belv\u00e9d\u00e8re (rues tr\u00e8s petites et pentues). Arriv\u00e9e au Col du Turini (Col mythique du Rallye Monte-Carlo) et descente sur Menton pour la nuit&#8230;<\/p>\n<p><a href=\"http:\/\/www.club-nouvelle-mini.com\/wp-content\/uploads\/2018\/11\/Image23.jpg\"><img loading=\"lazy\" class=\"alignnone size-medium wp-image-1002\" src=\"http:\/\/www.club-nouvelle-mini.com\/wp-content\/uploads\/2018\/11\/Image23-300x226.jpg\" alt=\"\" width=\"300\" height=\"226\" srcset=\"https:\/\/www.club-nouvelle-mini.com\/wp-content\/uploads\/2018\/11\/Image23-300x226.jpg 300w, https:\/\/www.club-nouvelle-mini.com\/wp-content\/uploads\/2018\/11\/Image23.jpg 328w\" sizes=\"(max-width: 300px) 100vw, 300px\" \/><\/a>\u00a0<a href=\"http:\/\/www.club-nouvelle-mini.com\/wp-content\/uploads\/2018\/11\/Image24.jpg\"><img loading=\"lazy\" class=\"alignnone size-medium wp-image-1003\" src=\"http:\/\/www.club-nouvelle-mini.com\/wp-content\/uploads\/2018\/11\/Image24-224x300.jpg\" alt=\"\" width=\"224\" height=\"300\" srcset=\"https:\/\/www.club-nouvelle-mini.com\/wp-content\/uploads\/2018\/11\/Image24-224x300.jpg 224w, https:\/\/www.club-nouvelle-mini.com\/wp-content\/uploads\/2018\/11\/Image24.jpg 380w\" sizes=\"(max-width: 224px) 100vw, 224px\" \/><\/a><\/p>\n<h3>Jour 5 \u2013 174 km<\/h3>\n<p>En commen\u00e7ant par Monaco et le fameux tunnel de F1 ! Direction ensuite Beau soleil, Peille, Escar\u00e8ne puis le col de Brauss et celui de l\u2019Orme&#8230; D\u00e9jeuner \u00e0 Luceram et reprise de la route vers Utelle et la madone d\u2019Utelle&#8230;\u00a0Vue splendide en 360 degr\u00e9s&#8230; Des routes de fous, encore des lacets, des virages, des \u00e9pingles, de la roche etc&#8230;\u00a0Arriv\u00e9e sur Nice pour un repos bien m\u00e9rit\u00e9 dans la piscine tous r\u00e9unis pour le dernier soir !<\/p>\n<p><a href=\"http:\/\/www.club-nouvelle-mini.com\/wp-content\/uploads\/2018\/11\/Image25.jpg\"><img loading=\"lazy\" class=\"alignnone size-medium wp-image-1004\" src=\"http:\/\/www.club-nouvelle-mini.com\/wp-content\/uploads\/2018\/11\/Image25-300x185.jpg\" alt=\"\" width=\"300\" height=\"185\" srcset=\"https:\/\/www.club-nouvelle-mini.com\/wp-content\/uploads\/2018\/11\/Image25-300x185.jpg 300w, https:\/\/www.club-nouvelle-mini.com\/wp-content\/uploads\/2018\/11\/Image25.jpg 508w\" sizes=\"(max-width: 300px) 100vw, 300px\" \/><\/a>\u00a0<a href=\"http:\/\/www.club-nouvelle-mini.com\/wp-content\/uploads\/2018\/11\/Image26.jpg\"><img loading=\"lazy\" class=\"alignnone size-medium wp-image-1005\" src=\"http:\/\/www.club-nouvelle-mini.com\/wp-content\/uploads\/2018\/11\/Image26-300x169.jpg\" alt=\"\" width=\"300\" height=\"169\" srcset=\"https:\/\/www.club-nouvelle-mini.com\/wp-content\/uploads\/2018\/11\/Image26-300x169.jpg 300w, https:\/\/www.club-nouvelle-mini.com\/wp-content\/uploads\/2018\/11\/Image26.jpg 508w\" sizes=\"(max-width: 300px) 100vw, 300px\" \/><\/a><\/p>\n<h3>Jour 6 \u2013 191 km<\/h3>\n<p>D\u00e9part de Nice, direction Cagnes sur mer, Grasse et \u00e0 nouveau les petites routes vers le col du Pilon, le col de la Faye, le col de Valferriere pour une arriv\u00e9e \u00e0 Castellane&#8230; Pique-nique au bord de la rivi\u00e8re avec des produits locaux. 2h30 de rafting (12 km de descente dans une eau \u00e0 12 degr\u00e9s, c\u2019est saisissant !) parce qu\u2019on n\u2019\u00e9tait pas assez fatigu\u00e9s lol ! Et apr\u00e8s la victoire de la France et un d\u00e9salt\u00e9rant, reprise de la route le long des gorges du Verdon (mon premier crissement de pneus !) jusqu\u2019\u00e0 Gr\u00e9oux-les-Bains pour d\u00eener puis jusqu\u2019\u00e0 Manosque pour dormir. Encore une journ\u00e9e vraiment \u00e9puisante, crevante mais contente d\u2019\u00eatre all\u00e9e au bout des choses car tous ces paysages majestueux en valaient la peine !<\/p>\n<p><a href=\"http:\/\/www.club-nouvelle-mini.com\/wp-content\/uploads\/2018\/11\/Image27.jpg\"><img loading=\"lazy\" class=\"alignnone size-medium wp-image-1006\" src=\"http:\/\/www.club-nouvelle-mini.com\/wp-content\/uploads\/2018\/11\/Image27-300x225.jpg\" alt=\"\" width=\"300\" height=\"225\" srcset=\"https:\/\/www.club-nouvelle-mini.com\/wp-content\/uploads\/2018\/11\/Image27-300x225.jpg 300w, https:\/\/www.club-nouvelle-mini.com\/wp-content\/uploads\/2018\/11\/Image27.jpg 308w\" sizes=\"(max-width: 300px) 100vw, 300px\" \/><\/a>\u00a0<a href=\"http:\/\/www.club-nouvelle-mini.com\/wp-content\/uploads\/2018\/11\/Image28.jpg\"><img loading=\"lazy\" class=\"alignnone size-medium wp-image-1007\" src=\"http:\/\/www.club-nouvelle-mini.com\/wp-content\/uploads\/2018\/11\/Image28-300x225.jpg\" alt=\"\" width=\"300\" height=\"225\" srcset=\"https:\/\/www.club-nouvelle-mini.com\/wp-content\/uploads\/2018\/11\/Image28-300x225.jpg 300w, https:\/\/www.club-nouvelle-mini.com\/wp-content\/uploads\/2018\/11\/Image28.jpg 508w\" sizes=\"(max-width: 300px) 100vw, 300px\" \/><\/a>\u00a0<a href=\"http:\/\/www.club-nouvelle-mini.com\/wp-content\/uploads\/2018\/11\/Image29.jpg\"><img loading=\"lazy\" class=\"alignnone size-medium wp-image-1008\" src=\"http:\/\/www.club-nouvelle-mini.com\/wp-content\/uploads\/2018\/11\/Image29-300x227.jpg\" alt=\"\" width=\"300\" height=\"227\" srcset=\"https:\/\/www.club-nouvelle-mini.com\/wp-content\/uploads\/2018\/11\/Image29-300x227.jpg 300w, https:\/\/www.club-nouvelle-mini.com\/wp-content\/uploads\/2018\/11\/Image29.jpg 380w\" sizes=\"(max-width: 300px) 100vw, 300px\" \/><\/a>\u00a0<a href=\"http:\/\/www.club-nouvelle-mini.com\/wp-content\/uploads\/2018\/11\/Image30.jpg\"><img loading=\"lazy\" class=\"alignnone size-medium wp-image-1009\" src=\"http:\/\/www.club-nouvelle-mini.com\/wp-content\/uploads\/2018\/11\/Image30-300x170.jpg\" alt=\"\" width=\"300\" height=\"170\" srcset=\"https:\/\/www.club-nouvelle-mini.com\/wp-content\/uploads\/2018\/11\/Image30-300x170.jpg 300w, https:\/\/www.club-nouvelle-mini.com\/wp-content\/uploads\/2018\/11\/Image30.jpg 380w\" sizes=\"(max-width: 300px) 100vw, 300px\" \/><\/a><\/p>\n<h3>Le mot de la fin !<\/h3>\n<p>Un d\u00e9fi de plus de r\u00e9alis\u00e9 !! Et voil\u00e0, 9 jours plus tard et 2 798 km plus loin, cette aventure extraordinaire se termine en ce jour particulier puisque ma MINI a 8 ans aujourd\u2019hui !\u00a0Une longue nuit m\u2019attend et elle commencera certainement avec une s\u00e9rie de virages, lacets et \u00e9pingles pour se poursuivre avec tous ces paysages fabuleux que nous offre la France pour se terminer avec des \u00e9toiles plein les yeux \u00e0 nouveau gr\u00e2ce \u00e0 vous tous qui avez fait de cette semaine, une semaine inoubliable !\u00a0Un \u00e9norme merci ! Love MINI, love CNM, love you !<\/p>\n<p><iframe src=\"https:\/\/www.youtube.com\/embed\/e539VrYnh2g\" width=\"560\" height=\"315\" frameborder=\"0\" allowfullscreen=\"allowfullscreen\"><\/iframe><\/p>\n","protected":false},"excerpt":{"rendered":"<p>Enfin ! Apr\u00e8s plus d\u2019un an d\u2019absence dans le Club Nouvelle Mini, la Mini Monte Carlo a retrouv\u00e9 ses s\u0153urs, mais pas n\u2019importe o\u00f9 : sur la majestueuse Route des Grandes Alpes de Thonon-les-Bains \u00e0 Nice, en passant par Monaco&#8230;. <a class=\"more-link\" href=\"https:\/\/www.club-nouvelle-mini.com\/?p=984\">Continue Reading &rarr;<\/a><\/p>\n","protected":false},"author":2,"featured_media":985,"comment_status":"closed","ping_status":"open","sticky":false,"template":"","format":"standard","meta":[],"categories":[16],"tags":[],"_links":{"self":[{"href":"https:\/\/www.club-nouvelle-mini.com\/index.php?rest_route=\/wp\/v2\/posts\/984"}],"collection":[{"href":"https:\/\/www.club-nouvelle-mini.com\/index.php?rest_route=\/wp\/v2\/posts"}],"about":[{"href":"https:\/\/www.club-nouvelle-mini.com\/index.php?rest_route=\/wp\/v2\/types\/post"}],"author":[{"embeddable":true,"href":"https:\/\/www.club-nouvelle-mini.com\/index.php?rest_route=\/wp\/v2\/users\/2"}],"replies":[{"embeddable":true,"href":"https:\/\/www.club-nouvelle-mini.com\/index.php?rest_route=%2Fwp%2Fv2%2Fcomments&post=984"}],"version-history":[{"count":4,"href":"https:\/\/www.club-nouvelle-mini.com\/index.php?rest_route=\/wp\/v2\/posts\/984\/revisions"}],"predecessor-version":[{"id":1011,"href":"https:\/\/www.club-nouvelle-mini.com\/index.php?rest_route=\/wp\/v2\/posts\/984\/revisions\/1011"}],"wp:featuredmedia":[{"embeddable":true,"href":"https:\/\/www.club-nouvelle-mini.com\/index.php?rest_route=\/wp\/v2\/media\/985"}],"wp:attachment":[{"href":"https:\/\/www.club-nouvelle-mini.com\/index.php?rest_route=%2Fwp%2Fv2%2Fmedia&parent=984"}],"wp:term":[{"taxonomy":"category","embeddable":true,"href":"https:\/\/www.club-nouvelle-mini.com\/index.php?rest_route=%2Fwp%2Fv2%2Fcategories&post=984"},{"taxonomy":"post_tag","embeddable":true,"href":"https:\/\/www.club-nouvelle-mini.com\/index.php?rest_route=%2Fwp%2Fv2%2Ftags&post=984"}],"curies":[{"name":"wp","href":"https:\/\/api.w.org\/{rel}","templated":true}]}}